{"id":1631,"date":"2024-10-21T18:36:50","date_gmt":"2024-10-21T21:36:50","guid":{"rendered":"https:\/\/conpeg.org.br\/?p=1631"},"modified":"2024-10-21T18:36:53","modified_gmt":"2024-10-21T21:36:53","slug":"conpeg-em-conjunto-com-a-agu-discute-criacao-de-plataforma-juris-racial","status":"publish","type":"post","link":"https:\/\/conpeg.org.br\/index.php\/2024\/10\/21\/conpeg-em-conjunto-com-a-agu-discute-criacao-de-plataforma-juris-racial\/","title":{"rendered":"Conpeg, em conjunto com a AGU, discute cria\u00e7\u00e3o de plataforma Juris Racial"},"content":{"rendered":"\n<p>O Col\u00e9gio Nacional dos Procuradores-Gerais dos Estados e do Distrito Federal (Conpeg) realizou, na tarde desta sexta-feira (18), reuni\u00e3o ordin\u00e1ria na Escola Superior da Advocacia-Geral da Uni\u00e3o (AGU), na Capital Federal. Dentre os assuntos da pauta, recebeu destaque o balan\u00e7o da pr\u00f3pria Advocacia-Geral da Uni\u00e3o (AGU) sobre as parcerias do \u00f3rg\u00e3o com o Conpeg em 2024, em especial a respeito da pesquisa nacional sobre a advocacia p\u00fablica, da Seguran\u00e7a Jur\u00eddica no Ambiente de Neg\u00f3cios da AGU (Sejan) e a cria\u00e7\u00e3o da plataforma Juris Racial.<\/p>\n\n\n\n<p>Juris Racial \u00e9 um reposit\u00f3rio digital de documentos jur\u00eddicos sobre igualdade racial que compila e disponibiliza legisla\u00e7\u00e3o, jurisprud\u00eancia, s\u00famulas, pareceres jur\u00eddicos, projetos de lei, propostas de emenda constitucional, teses e disserta\u00e7\u00f5es. O tema foi apresentado pela secret\u00e1ria-geral da AGU, Clarice Calixto, que pontuou sobre o lan\u00e7amento da plataforma que deve ocorrer ainda em novembro, m\u00eas da Consci\u00eancia Negra, tamb\u00e9m em Bras\u00edlia.<\/p>\n\n\n\n<p>Na sequ\u00eancia, a presidente do Conpeg, procuradora geral do Estado de S\u00e3o Paulo, In\u00eas Coimbra, colocou em pauta a institucionaliza\u00e7\u00e3o e atualiza\u00e7\u00e3o do estatuto do pr\u00f3prio Col\u00e9gio Nacional, bem como a vincula\u00e7\u00e3o dos f\u00f3runs nacionais especializados de diferentes \u00e1reas da advocacia p\u00fablica, como, por exemplo, a Rede Nacional de Gest\u00e3o Estrat\u00e9gica e Inova\u00e7\u00e3o das Procuradorias-Gerais dos Estados e Distrito Federal (Renagei), Fonacon (F\u00f3rum Nacional das Consultorias Jur\u00eddicas), Fonace (F\u00f3rum Nacional de Centros de Estudos), F\u00f3rum de Diversidade, e outros.<\/p>\n\n\n\n<p>\u201c\u00c9 uma quest\u00e3o de governan\u00e7a, que dar\u00e1 representatividade a toda essas redes que t\u00eam a mesma forma de composi\u00e7\u00e3o, partindo das pr\u00f3prias Procuradorias-Gerais dos Estado e do Distrito Federal\u201d, ponderou In\u00eas Coimbra. A presidente refor\u00e7ou ainda a import\u00e2ncia da participa\u00e7\u00e3o de 100% dessas redes no \u00e2mbito do Conpeg.<\/p>\n\n\n\n<p>Os participantes do encontro acordaram pela apresenta\u00e7\u00e3o das minutas dos estatutos de cada uma das redes, bem como do estatuto do pr\u00f3prio colegiado, que pretende instituir o Conpeg 4.0 em 2025, logo na \u00faltima reuni\u00e3o ordin\u00e1ria do ano, prevista para 12 de novembro em Goi\u00e2nia-GO.<\/p>\n\n\n\n<p>Outros temas abordados no encontro destacaram tratativas sobre a reforma tribut\u00e1ria; Congresso da Associa\u00e7\u00e3o Nacional dos Procuradores dos Estados e do Distrito Federal (Anape); evento \u201cSeguran\u00e7a Jur\u00eddica e controle da legalidade\u201d, que ser\u00e1 realizado em Mato Grosso do Sul; e o 1\u00ba Congresso Nacional do &#8220;Conpeg em Redes&#8221;, marcado para o per\u00edodo de 27 a 30 de maio de 2025 em Minas Gerais.<\/p>\n\n\n\n<p>Participaram da reuni\u00e3o desta sexta-feira em Bras\u00edlia, os procuradores gerais: Janete Melo d\u2019Albuquerque Lima(AC), Luis Fernando Demartine (representando\/AL), B\u00e1rbara Camardelli Loi (BA), Rafael Machado Moraes (CE), Ludmila Lavocat Galv\u00e3o (DF), Rafael Arruda de Oliveira (GO), Ana Carolina Ali Garcia (MS), F\u00e1bio Brito Ferreira (PB), Francisco Gomes Pierot J\u00fanior (PI), Luciano Borges (PR), M\u00e1rcio Luiz Foga\u00e7a Vicari (SC), Tyrone Mour\u00e3o Pereira (RR), Valdenio Nogueira Caminha (MA), Irana de Souza Coelho Aguiar (TO), Francisco de Assis da Silva Lopes (MT) e representantes dos demais estados.<\/p>\n","protected":false},"excerpt":{"rendered":"<p>O Col\u00e9gio Nacional dos Procuradores-Gerais dos Estados e do Distrito Federal (Conpeg) realizou, na tarde desta sexta-feira (18), reuni\u00e3o ordin\u00e1ria na Escola Superior da Advocacia-Geral da Uni\u00e3o (AGU), na Capital Federal. Dentre os assuntos da pauta, recebeu destaque o balan\u00e7o da pr\u00f3pria Advocacia-Geral da Uni\u00e3o (AGU) sobre as parcerias do \u00f3rg\u00e3o com o Conpeg em [&hellip;]<\/p>\n","protected":false},"author":8,"featured_media":1632,"comment_status":"open","ping_status":"open","sticky":false,"template":"","format":"standard","meta":[],"categories":[1],"tags":[],"yoast_head":"<!-- This site is optimized with the Yoast SEO plugin v18.4.1 - https:\/\/yoast.com\/wordpress\/plugins\/seo\/ -->\n<title>Conpeg, em conjunto com a AGU, discute cria\u00e7\u00e3o de plataforma Juris Racial - Conpeg<\/title>\n<meta name=\"robots\" content=\"index, follow, max-snippet:-1, max-image-preview:large, max-video-preview:-1\" \/>\n<link rel=\"canonical\" href=\"https:\/\/conpeg.org.br\/index.php\/2024\/10\/21\/conpeg-em-conjunto-com-a-agu-discute-criacao-de-plataforma-juris-racial\/\" \/>\n<meta property=\"og:locale\" content=\"pt_BR\" \/>\n<meta property=\"og:type\" content=\"article\" \/>\n<meta property=\"og:title\" content=\"Conpeg, em conjunto com a AGU, discute cria\u00e7\u00e3o de plataforma Juris Racial - Conpeg\" \/>\n<meta property=\"og:description\" content=\"O Col\u00e9gio Nacional dos Procuradores-Gerais dos Estados e do Distrito Federal (Conpeg) realizou, na tarde desta sexta-feira (18), reuni\u00e3o ordin\u00e1ria na Escola Superior da Advocacia-Geral da Uni\u00e3o (AGU), na Capital Federal. Dentre os assuntos da pauta, recebeu destaque o balan\u00e7o da pr\u00f3pria Advocacia-Geral da Uni\u00e3o (AGU) sobre as parcerias do \u00f3rg\u00e3o com o Conpeg em [&hellip;]\" \/>\n<meta property=\"og:url\" content=\"https:\/\/conpeg.org.br\/index.php\/2024\/10\/21\/conpeg-em-conjunto-com-a-agu-discute-criacao-de-plataforma-juris-racial\/\" \/>\n<meta property=\"og:site_name\" content=\"Conpeg\" \/>\n<meta property=\"article:publisher\" content=\"https:\/\/www.facebook.com\/conpegbr\" \/>\n<meta property=\"article:published_time\" content=\"2024-10-21T21:36:50+00:00\" \/>\n<meta property=\"article:modified_time\" content=\"2024-10-21T21:36:53+00:00\" \/>\n<meta property=\"og:image\" content=\"https:\/\/conpeg.org.br\/wp-content\/uploads\/2024\/10\/WhatsApp-Image-2024-10-18-at-19.22.46-scaled.jpeg\" \/>\n\t<meta property=\"og:image:width\" content=\"2560\" \/>\n\t<meta property=\"og:image:height\" content=\"1706\" \/>\n\t<meta property=\"og:image:type\" content=\"image\/jpeg\" \/>\n<meta name=\"twitter:card\" content=\"summary_large_image\" \/>\n<meta name=\"twitter:creator\" content=\"@conpegbr\" \/>\n<meta name=\"twitter:site\" content=\"@conpegbr\" \/>\n<meta name=\"twitter:label1\" content=\"Escrito por\" \/>\n\t<meta name=\"twitter:data1\" content=\"Anelise Beltr\u00e3o\" \/>\n\t<meta name=\"twitter:label2\" content=\"Est. tempo de leitura\" \/>\n\t<meta name=\"twitter:data2\" content=\"3 minutos\" \/>\n<script type=\"application\/ld+json\" class=\"yoast-schema-graph\">{\"@context\":\"https:\/\/schema.org\",\"@graph\":[{\"@type\":\"Organization\",\"@id\":\"https:\/\/conpeg.org.br\/#organization\",\"name\":\"Col\u00e9gio Nacional de Procuradores Gerais dos Estados e do Distrito Federal - Conpeg\",\"url\":\"https:\/\/conpeg.org.br\/\",\"sameAs\":[\"https:\/\/www.facebook.com\/conpegbr\",\"https:\/\/instagram.com\/conpegbr\",\"https:\/\/twitter.com\/conpegbr\"],\"logo\":{\"@type\":\"ImageObject\",\"@id\":\"https:\/\/conpeg.org.br\/#logo\",\"inLanguage\":\"pt-BR\",\"url\":\"https:\/\/conpeg.org.br\/wp-content\/uploads\/2023\/05\/Logo-com-Lettering-e1684271444575.png\",\"contentUrl\":\"https:\/\/conpeg.org.br\/wp-content\/uploads\/2023\/05\/Logo-com-Lettering-e1684271444575.png\",\"width\":8334,\"height\":2541,\"caption\":\"Col\u00e9gio Nacional de Procuradores Gerais dos Estados e do Distrito Federal - Conpeg\"},\"image\":{\"@id\":\"https:\/\/conpeg.org.br\/#logo\"}},{\"@type\":\"WebSite\",\"@id\":\"https:\/\/conpeg.org.br\/#website\",\"url\":\"https:\/\/conpeg.org.br\/\",\"name\":\"Conpeg\",\"description\":\"Col\u00e9gio Nacional de Procuradores-Gerais dos Estados e do Distrito Federal\",\"publisher\":{\"@id\":\"https:\/\/conpeg.org.br\/#organization\"},\"potentialAction\":[{\"@type\":\"SearchAction\",\"target\":{\"@type\":\"EntryPoint\",\"urlTemplate\":\"https:\/\/conpeg.org.br\/?s={search_term_string}\"},\"query-input\":\"required name=search_term_string\"}],\"inLanguage\":\"pt-BR\"},{\"@type\":\"ImageObject\",\"@id\":\"https:\/\/conpeg.org.br\/index.php\/2024\/10\/21\/conpeg-em-conjunto-com-a-agu-discute-criacao-de-plataforma-juris-racial\/#primaryimage\",\"inLanguage\":\"pt-BR\",\"url\":\"https:\/\/conpeg.org.br\/wp-content\/uploads\/2024\/10\/WhatsApp-Image-2024-10-18-at-19.22.46-scaled.jpeg\",\"contentUrl\":\"https:\/\/conpeg.org.br\/wp-content\/uploads\/2024\/10\/WhatsApp-Image-2024-10-18-at-19.22.46-scaled.jpeg\",\"width\":2560,\"height\":1706},{\"@type\":\"WebPage\",\"@id\":\"https:\/\/conpeg.org.br\/index.php\/2024\/10\/21\/conpeg-em-conjunto-com-a-agu-discute-criacao-de-plataforma-juris-racial\/#webpage\",\"url\":\"https:\/\/conpeg.org.br\/index.php\/2024\/10\/21\/conpeg-em-conjunto-com-a-agu-discute-criacao-de-plataforma-juris-racial\/\",\"name\":\"Conpeg, em conjunto com a AGU, discute cria\u00e7\u00e3o de plataforma Juris Racial - Conpeg\",\"isPartOf\":{\"@id\":\"https:\/\/conpeg.org.br\/#website\"},\"primaryImageOfPage\":{\"@id\":\"https:\/\/conpeg.org.br\/index.php\/2024\/10\/21\/conpeg-em-conjunto-com-a-agu-discute-criacao-de-plataforma-juris-racial\/#primaryimage\"},\"datePublished\":\"2024-10-21T21:36:50+00:00\",\"dateModified\":\"2024-10-21T21:36:53+00:00\",\"breadcrumb\":{\"@id\":\"https:\/\/conpeg.org.br\/index.php\/2024\/10\/21\/conpeg-em-conjunto-com-a-agu-discute-criacao-de-plataforma-juris-racial\/#breadcrumb\"},\"inLanguage\":\"pt-BR\",\"potentialAction\":[{\"@type\":\"ReadAction\",\"target\":[\"https:\/\/conpeg.org.br\/index.php\/2024\/10\/21\/conpeg-em-conjunto-com-a-agu-discute-criacao-de-plataforma-juris-racial\/\"]}]},{\"@type\":\"BreadcrumbList\",\"@id\":\"https:\/\/conpeg.org.br\/index.php\/2024\/10\/21\/conpeg-em-conjunto-com-a-agu-discute-criacao-de-plataforma-juris-racial\/#breadcrumb\",\"itemListElement\":[{\"@type\":\"ListItem\",\"position\":1,\"name\":\"In\u00edcio\",\"item\":\"https:\/\/conpeg.org.br\/\"},{\"@type\":\"ListItem\",\"position\":2,\"name\":\"Conpeg, em conjunto com a AGU, discute cria\u00e7\u00e3o de plataforma Juris Racial\"}]},{\"@type\":\"Article\",\"@id\":\"https:\/\/conpeg.org.br\/index.php\/2024\/10\/21\/conpeg-em-conjunto-com-a-agu-discute-criacao-de-plataforma-juris-racial\/#article\",\"isPartOf\":{\"@id\":\"https:\/\/conpeg.org.br\/index.php\/2024\/10\/21\/conpeg-em-conjunto-com-a-agu-discute-criacao-de-plataforma-juris-racial\/#webpage\"},\"author\":{\"@id\":\"https:\/\/conpeg.org.br\/#\/schema\/person\/27ad7e9f5394aa0fd18ad7f8c4e00e9c\"},\"headline\":\"Conpeg, em conjunto com a AGU, discute cria\u00e7\u00e3o de plataforma Juris Racial\",\"datePublished\":\"2024-10-21T21:36:50+00:00\",\"dateModified\":\"2024-10-21T21:36:53+00:00\",\"mainEntityOfPage\":{\"@id\":\"https:\/\/conpeg.org.br\/index.php\/2024\/10\/21\/conpeg-em-conjunto-com-a-agu-discute-criacao-de-plataforma-juris-racial\/#webpage\"},\"wordCount\":538,\"commentCount\":0,\"publisher\":{\"@id\":\"https:\/\/conpeg.org.br\/#organization\"},\"image\":{\"@id\":\"https:\/\/conpeg.org.br\/index.php\/2024\/10\/21\/conpeg-em-conjunto-com-a-agu-discute-criacao-de-plataforma-juris-racial\/#primaryimage\"},\"thumbnailUrl\":\"https:\/\/conpeg.org.br\/wp-content\/uploads\/2024\/10\/WhatsApp-Image-2024-10-18-at-19.22.46-scaled.jpeg\",\"inLanguage\":\"pt-BR\",\"potentialAction\":[{\"@type\":\"CommentAction\",\"name\":\"Comment\",\"target\":[\"https:\/\/conpeg.org.br\/index.php\/2024\/10\/21\/conpeg-em-conjunto-com-a-agu-discute-criacao-de-plataforma-juris-racial\/#respond\"]}]},{\"@type\":\"Person\",\"@id\":\"https:\/\/conpeg.org.br\/#\/schema\/person\/27ad7e9f5394aa0fd18ad7f8c4e00e9c\",\"name\":\"Anelise Beltr\u00e3o\"}]}<\/script>\n<!-- \/ Yoast SEO plugin. -->","yoast_head_json":{"title":"Conpeg, em conjunto com a AGU, discute cria\u00e7\u00e3o de plataforma Juris Racial - Conpeg","robots":{"index":"index","follow":"follow","max-snippet":"max-snippet:-1","max-image-preview":"max-image-preview:large","max-video-preview":"max-video-preview:-1"},"canonical":"https:\/\/conpeg.org.br\/index.php\/2024\/10\/21\/conpeg-em-conjunto-com-a-agu-discute-criacao-de-plataforma-juris-racial\/","og_locale":"pt_BR","og_type":"article","og_title":"Conpeg, em conjunto com a AGU, discute cria\u00e7\u00e3o de plataforma Juris Racial - Conpeg","og_description":"O Col\u00e9gio Nacional dos Procuradores-Gerais dos Estados e do Distrito Federal (Conpeg) realizou, na tarde desta sexta-feira (18), reuni\u00e3o ordin\u00e1ria na Escola Superior da Advocacia-Geral da Uni\u00e3o (AGU), na Capital Federal. Dentre os assuntos da pauta, recebeu destaque o balan\u00e7o da pr\u00f3pria Advocacia-Geral da Uni\u00e3o (AGU) sobre as parcerias do \u00f3rg\u00e3o com o Conpeg em [&hellip;]","og_url":"https:\/\/conpeg.org.br\/index.php\/2024\/10\/21\/conpeg-em-conjunto-com-a-agu-discute-criacao-de-plataforma-juris-racial\/","og_site_name":"Conpeg","article_publisher":"https:\/\/www.facebook.com\/conpegbr","article_published_time":"2024-10-21T21:36:50+00:00","article_modified_time":"2024-10-21T21:36:53+00:00","og_image":[{"width":2560,"height":1706,"url":"https:\/\/conpeg.org.br\/wp-content\/uploads\/2024\/10\/WhatsApp-Image-2024-10-18-at-19.22.46-scaled.jpeg","type":"image\/jpeg"}],"twitter_card":"summary_large_image","twitter_creator":"@conpegbr","twitter_site":"@conpegbr","twitter_misc":{"Escrito por":"Anelise Beltr\u00e3o","Est. tempo de leitura":"3 minutos"},"schema":{"@context":"https:\/\/schema.org","@graph":[{"@type":"Organization","@id":"https:\/\/conpeg.org.br\/#organization","name":"Col\u00e9gio Nacional de Procuradores Gerais dos Estados e do Distrito Federal - Conpeg","url":"https:\/\/conpeg.org.br\/","sameAs":["https:\/\/www.facebook.com\/conpegbr","https:\/\/instagram.com\/conpegbr","https:\/\/twitter.com\/conpegbr"],"logo":{"@type":"ImageObject","@id":"https:\/\/conpeg.org.br\/#logo","inLanguage":"pt-BR","url":"https:\/\/conpeg.org.br\/wp-content\/uploads\/2023\/05\/Logo-com-Lettering-e1684271444575.png","contentUrl":"https:\/\/conpeg.org.br\/wp-content\/uploads\/2023\/05\/Logo-com-Lettering-e1684271444575.png","width":8334,"height":2541,"caption":"Col\u00e9gio Nacional de Procuradores Gerais dos Estados e do Distrito Federal - Conpeg"},"image":{"@id":"https:\/\/conpeg.org.br\/#logo"}},{"@type":"WebSite","@id":"https:\/\/conpeg.org.br\/#website","url":"https:\/\/conpeg.org.br\/","name":"Conpeg","description":"Col\u00e9gio Nacional de Procuradores-Gerais dos Estados e do Distrito Federal","publisher":{"@id":"https:\/\/conpeg.org.br\/#organization"},"potentialAction":[{"@type":"SearchAction","target":{"@type":"EntryPoint","urlTemplate":"https:\/\/conpeg.org.br\/?s={search_term_string}"},"query-input":"required name=search_term_string"}],"inLanguage":"pt-BR"},{"@type":"ImageObject","@id":"https:\/\/conpeg.org.br\/index.php\/2024\/10\/21\/conpeg-em-conjunto-com-a-agu-discute-criacao-de-plataforma-juris-racial\/#primaryimage","inLanguage":"pt-BR","url":"https:\/\/conpeg.org.br\/wp-content\/uploads\/2024\/10\/WhatsApp-Image-2024-10-18-at-19.22.46-scaled.jpeg","contentUrl":"https:\/\/conpeg.org.br\/wp-content\/uploads\/2024\/10\/WhatsApp-Image-2024-10-18-at-19.22.46-scaled.jpeg","width":2560,"height":1706},{"@type":"WebPage","@id":"https:\/\/conpeg.org.br\/index.php\/2024\/10\/21\/conpeg-em-conjunto-com-a-agu-discute-criacao-de-plataforma-juris-racial\/#webpage","url":"https:\/\/conpeg.org.br\/index.php\/2024\/10\/21\/conpeg-em-conjunto-com-a-agu-discute-criacao-de-plataforma-juris-racial\/","name":"Conpeg, em conjunto com a AGU, discute cria\u00e7\u00e3o de plataforma Juris Racial - Conpeg","isPartOf":{"@id":"https:\/\/conpeg.org.br\/#website"},"primaryImageOfPage":{"@id":"https:\/\/conpeg.org.br\/index.php\/2024\/10\/21\/conpeg-em-conjunto-com-a-agu-discute-criacao-de-plataforma-juris-racial\/#primaryimage"},"datePublished":"2024-10-21T21:36:50+00:00","dateModified":"2024-10-21T21:36:53+00:00","breadcrumb":{"@id":"https:\/\/conpeg.org.br\/index.php\/2024\/10\/21\/conpeg-em-conjunto-com-a-agu-discute-criacao-de-plataforma-juris-racial\/#breadcrumb"},"inLanguage":"pt-BR","potentialAction":[{"@type":"ReadAction","target":["https:\/\/conpeg.org.br\/index.php\/2024\/10\/21\/conpeg-em-conjunto-com-a-agu-discute-criacao-de-plataforma-juris-racial\/"]}]},{"@type":"BreadcrumbList","@id":"https:\/\/conpeg.org.br\/index.php\/2024\/10\/21\/conpeg-em-conjunto-com-a-agu-discute-criacao-de-plataforma-juris-racial\/#breadcrumb","itemListElement":[{"@type":"ListItem","position":1,"name":"In\u00edcio","item":"https:\/\/conpeg.org.br\/"},{"@type":"ListItem","position":2,"name":"Conpeg, em conjunto com a AGU, discute cria\u00e7\u00e3o de plataforma Juris Racial"}]},{"@type":"Article","@id":"https:\/\/conpeg.org.br\/index.php\/2024\/10\/21\/conpeg-em-conjunto-com-a-agu-discute-criacao-de-plataforma-juris-racial\/#article","isPartOf":{"@id":"https:\/\/conpeg.org.br\/index.php\/2024\/10\/21\/conpeg-em-conjunto-com-a-agu-discute-criacao-de-plataforma-juris-racial\/#webpage"},"author":{"@id":"https:\/\/conpeg.org.br\/#\/schema\/person\/27ad7e9f5394aa0fd18ad7f8c4e00e9c"},"headline":"Conpeg, em conjunto com a AGU, discute cria\u00e7\u00e3o de plataforma Juris Racial","datePublished":"2024-10-21T21:36:50+00:00","dateModified":"2024-10-21T21:36:53+00:00","mainEntityOfPage":{"@id":"https:\/\/conpeg.org.br\/index.php\/2024\/10\/21\/conpeg-em-conjunto-com-a-agu-discute-criacao-de-plataforma-juris-racial\/#webpage"},"wordCount":538,"commentCount":0,"publisher":{"@id":"https:\/\/conpeg.org.br\/#organization"},"image":{"@id":"https:\/\/conpeg.org.br\/index.php\/2024\/10\/21\/conpeg-em-conjunto-com-a-agu-discute-criacao-de-plataforma-juris-racial\/#primaryimage"},"thumbnailUrl":"https:\/\/conpeg.org.br\/wp-content\/uploads\/2024\/10\/WhatsApp-Image-2024-10-18-at-19.22.46-scaled.jpeg","inLanguage":"pt-BR","potentialAction":[{"@type":"CommentAction","name":"Comment","target":["https:\/\/conpeg.org.br\/index.php\/2024\/10\/21\/conpeg-em-conjunto-com-a-agu-discute-criacao-de-plataforma-juris-racial\/#respond"]}]},{"@type":"Person","@id":"https:\/\/conpeg.org.br\/#\/schema\/person\/27ad7e9f5394aa0fd18ad7f8c4e00e9c","name":"Anelise Beltr\u00e3o"}]}},"_links":{"self":[{"href":"https:\/\/conpeg.org.br\/index.php\/wp-json\/wp\/v2\/posts\/1631"}],"collection":[{"href":"https:\/\/conpeg.org.br\/index.php\/wp-json\/wp\/v2\/posts"}],"about":[{"href":"https:\/\/conpeg.org.br\/index.php\/wp-json\/wp\/v2\/types\/post"}],"author":[{"embeddable":true,"href":"https:\/\/conpeg.org.br\/index.php\/wp-json\/wp\/v2\/users\/8"}],"replies":[{"embeddable":true,"href":"https:\/\/conpeg.org.br\/index.php\/wp-json\/wp\/v2\/comments?post=1631"}],"version-history":[{"count":1,"href":"https:\/\/conpeg.org.br\/index.php\/wp-json\/wp\/v2\/posts\/1631\/revisions"}],"predecessor-version":[{"id":1633,"href":"https:\/\/conpeg.org.br\/index.php\/wp-json\/wp\/v2\/posts\/1631\/revisions\/1633"}],"wp:featuredmedia":[{"embeddable":true,"href":"https:\/\/conpeg.org.br\/index.php\/wp-json\/wp\/v2\/media\/1632"}],"wp:attachment":[{"href":"https:\/\/conpeg.org.br\/index.php\/wp-json\/wp\/v2\/media?parent=1631"}],"wp:term":[{"taxonomy":"category","embeddable":true,"href":"https:\/\/conpeg.org.br\/index.php\/wp-json\/wp\/v2\/categories?post=1631"},{"taxonomy":"post_tag","embeddable":true,"href":"https:\/\/conpeg.org.br\/index.php\/wp-json\/wp\/v2\/tags?post=1631"}],"curies":[{"name":"wp","href":"https:\/\/api.w.org\/{rel}","templated":true}]}}