{"id":1703,"date":"2025-11-25T16:41:10","date_gmt":"2025-11-25T19:41:10","guid":{"rendered":"https:\/\/conpeg.org.br\/?p=1703"},"modified":"2025-11-25T16:52:04","modified_gmt":"2025-11-25T19:52:04","slug":"conpeg-reune-procuradores-de-todo-o-pais-para-encontro-sobre-inovacao-governanca-e-impacto-social-na-advocacia-publica","status":"publish","type":"post","link":"https:\/\/conpeg.org.br\/index.php\/2025\/11\/25\/conpeg-reune-procuradores-de-todo-o-pais-para-encontro-sobre-inovacao-governanca-e-impacto-social-na-advocacia-publica\/","title":{"rendered":"Conpeg re\u00fane procuradores de todo o pa\u00eds para encontro sobre inova\u00e7\u00e3o, governan\u00e7a e impacto social na Advocacia P\u00fablica"},"content":{"rendered":"\n<p>Entre os dias 26 e 28 de novembro, S\u00e3o Paulo ser\u00e1 palco do 1\u00ba Encontro Nacional das Redes do Conpeg (Col\u00e9gio Nacional das Procuradorias-Gerais dos Estados e Distrito Federal), que reunir\u00e1 procuradores, especialistas, gestores p\u00fablicos e pesquisadores de todo o pa\u00eds. O evento marca um momento estrat\u00e9gico para o fortalecimento da atua\u00e7\u00e3o em rede e para o debate qualificado sobre o futuro da Advocacia P\u00fablica em um cen\u00e1rio de r\u00e1pidas transforma\u00e7\u00f5es tecnol\u00f3gicas e sociais.<\/p>\n\n\n\n<p>Com o tema \u201cGovernan\u00e7a, Inova\u00e7\u00e3o e Impacto Social\u201d, o encontro prop\u00f5e aprofundar discuss\u00f5es sobre digitaliza\u00e7\u00e3o, seguran\u00e7a da informa\u00e7\u00e3o, diversidade, integridade e efici\u00eancia na gest\u00e3o p\u00fablica. A programa\u00e7\u00e3o inclui pain\u00e9is tem\u00e1ticos, workshops, reuni\u00f5es institucionais e a elei\u00e7\u00e3o da nova presid\u00eancia do Conpeg para o bi\u00eanio 2026-2027.<\/p>\n\n\n\n<p><strong>Cerim\u00f4nia de abertura <\/strong><br>A cerim\u00f4nia de abertura, no dia 26, \u00e0s 19h, no Centro de Conven\u00e7\u00f5es Rebou\u00e7as, contar\u00e1 com a palestra do professor e historiador Leandro Karnal, que falar\u00e1 sobre \u201cCoopera\u00e7\u00e3o como Estrat\u00e9gia\u201d, destacando a import\u00e2ncia da articula\u00e7\u00e3o institucional no fortalecimento das pol\u00edticas p\u00fablicas.<\/p>\n\n\n\n<p>No dia 28, \u00e0s 9h, a presidente do Conpeg e Procuradora-Geral do Estado de S\u00e3o Paulo, In\u00eas Coimbra, apresentar\u00e1 a palestra \u201cDiversidade e Equidade na Gest\u00e3o das Procuradorias P\u00fablicas: Construindo Ambientes Inclusivos\u201d, abordando como pr\u00e1ticas inclusivas impulsionam inova\u00e7\u00e3o, fortalecem a governan\u00e7a e tornam as institui\u00e7\u00f5es mais representativas e transparentes.<\/p>\n\n\n\n<p><strong>Pain\u00e9is tem\u00e1ticos<\/strong><br>A programa\u00e7\u00e3o t\u00e9cnica foi estruturada para refletir os principais desafios da advocacia p\u00fablica contempor\u00e2nea. O primeiro painel discutir\u00e1 o uso respons\u00e1vel de intelig\u00eancia artificial generativa, seguido por debates sobre governan\u00e7a e prote\u00e7\u00e3o de dados.<\/p>\n\n\n\n<p>Na sequ\u00eancia, workshops tem\u00e1ticos aprofundar\u00e3o quest\u00f5es como atua\u00e7\u00e3o nos tribunais superiores, transforma\u00e7\u00e3o digital, inova\u00e7\u00e3o em contrata\u00e7\u00f5es p\u00fablicas e protagonismo dos centros de estudos.<\/p>\n\n\n\n<p>No dia 28, os debates seguem com temas centrais para a agenda institucional: inova\u00e7\u00e3o com perspectiva de g\u00eanero e ra\u00e7a, preven\u00e7\u00e3o e combate ao ass\u00e9dio nas procuradorias e novas fronteiras do uso de intelig\u00eancia artificial na administra\u00e7\u00e3o p\u00fablica.<\/p>\n\n\n\n<p>Elei\u00e7\u00e3o bi\u00eanio 2026-2027<br>O encontro tamb\u00e9m sediar\u00e1 reuni\u00e3o do colegiado do Conpeg e a elei\u00e7\u00e3o da nova presid\u00eancia para o bi\u00eanio 2026-2027, refor\u00e7ando o compromisso das procuradorias com a governan\u00e7a colaborativa e o planejamento estrat\u00e9gico de longo prazo.<\/p>\n\n\n\n<p>Ao longo de tr\u00eas dias, o 1\u00ba Encontro Nacional das Redes do Conpeg consolida-se como um marco para o fortalecimento da advocacia p\u00fablica brasileira, reunindo tecnologia, diversidade, prote\u00e7\u00e3o de dados e impacto social como pilares de uma gest\u00e3o moderna e alinhada \u00e0s demandas da sociedade.<\/p>\n\n\n\n<p>A programa\u00e7\u00e3o completa est\u00e1 dispon\u00edvel em: <strong><a href=\"http:\/\/www.redes.conpeg.org.br\">www.redes.conpeg.org.br<\/a><\/strong><\/p>\n\n\n\n<p><strong>1\u00ba Encontro Nacional das Redes do Conpeg<\/strong><br>Data: 26 a 28 de novembro de 2025<br>LOCAL: Centro de Conven\u00e7\u00f5es Rebou\u00e7as &#8211; Rua En\u00e9as Carvalho de Aguiar, 23 &#8211; Pinheiros &#8211; S\u00e3o Paulo<\/p>\n","protected":false},"excerpt":{"rendered":"<p>Entre os dias 26 e 28 de novembro, S\u00e3o Paulo ser\u00e1 palco do 1\u00ba Encontro Nacional das Redes do Conpeg (Col\u00e9gio Nacional das Procuradorias-Gerais dos Estados e Distrito Federal), que reunir\u00e1 procuradores, especialistas, gestores p\u00fablicos e pesquisadores de todo o pa\u00eds. O evento marca um momento estrat\u00e9gico para o fortalecimento da atua\u00e7\u00e3o em rede e [&hellip;]<\/p>\n","protected":false},"author":8,"featured_media":1704,"comment_status":"open","ping_status":"open","sticky":true,"template":"","format":"standard","meta":[],"categories":[1],"tags":[],"yoast_head":"<!-- This site is optimized with the Yoast SEO plugin v18.4.1 - https:\/\/yoast.com\/wordpress\/plugins\/seo\/ -->\n<title>Conpeg re\u00fane procuradores de todo o pa\u00eds para encontro sobre inova\u00e7\u00e3o, governan\u00e7a e impacto social na Advocacia P\u00fablica - Conpeg<\/title>\n<meta name=\"robots\" content=\"index, follow, max-snippet:-1, max-image-preview:large, max-video-preview:-1\" \/>\n<link rel=\"canonical\" href=\"https:\/\/conpeg.org.br\/index.php\/2025\/11\/25\/conpeg-reune-procuradores-de-todo-o-pais-para-encontro-sobre-inovacao-governanca-e-impacto-social-na-advocacia-publica\/\" \/>\n<meta property=\"og:locale\" content=\"pt_BR\" \/>\n<meta property=\"og:type\" content=\"article\" \/>\n<meta property=\"og:title\" content=\"Conpeg re\u00fane procuradores de todo o pa\u00eds para encontro sobre inova\u00e7\u00e3o, governan\u00e7a e impacto social na Advocacia P\u00fablica - Conpeg\" \/>\n<meta property=\"og:description\" content=\"Entre os dias 26 e 28 de novembro, S\u00e3o Paulo ser\u00e1 palco do 1\u00ba Encontro Nacional das Redes do Conpeg (Col\u00e9gio Nacional das Procuradorias-Gerais dos Estados e Distrito Federal), que reunir\u00e1 procuradores, especialistas, gestores p\u00fablicos e pesquisadores de todo o pa\u00eds. O evento marca um momento estrat\u00e9gico para o fortalecimento da atua\u00e7\u00e3o em rede e [&hellip;]\" \/>\n<meta property=\"og:url\" content=\"https:\/\/conpeg.org.br\/index.php\/2025\/11\/25\/conpeg-reune-procuradores-de-todo-o-pais-para-encontro-sobre-inovacao-governanca-e-impacto-social-na-advocacia-publica\/\" \/>\n<meta property=\"og:site_name\" content=\"Conpeg\" \/>\n<meta property=\"article:publisher\" content=\"https:\/\/www.facebook.com\/conpegbr\" \/>\n<meta property=\"article:published_time\" content=\"2025-11-25T19:41:10+00:00\" \/>\n<meta property=\"article:modified_time\" content=\"2025-11-25T19:52:04+00:00\" \/>\n<meta property=\"og:image\" content=\"https:\/\/conpeg.org.br\/wp-content\/uploads\/2025\/11\/WhatsApp-Image-2025-11-25-at-16.31.15.jpeg\" \/>\n\t<meta property=\"og:image:width\" content=\"1080\" \/>\n\t<meta property=\"og:image:height\" content=\"873\" \/>\n\t<meta property=\"og:image:type\" content=\"image\/jpeg\" \/>\n<meta name=\"twitter:card\" content=\"summary_large_image\" \/>\n<meta name=\"twitter:creator\" content=\"@conpegbr\" \/>\n<meta name=\"twitter:site\" content=\"@conpegbr\" \/>\n<meta name=\"twitter:label1\" content=\"Escrito por\" \/>\n\t<meta name=\"twitter:data1\" content=\"Anelise Beltr\u00e3o\" \/>\n\t<meta name=\"twitter:label2\" content=\"Est. tempo de leitura\" \/>\n\t<meta name=\"twitter:data2\" content=\"3 minutos\" \/>\n<script type=\"application\/ld+json\" class=\"yoast-schema-graph\">{\"@context\":\"https:\/\/schema.org\",\"@graph\":[{\"@type\":\"Organization\",\"@id\":\"https:\/\/conpeg.org.br\/#organization\",\"name\":\"Col\u00e9gio Nacional de Procuradores Gerais dos Estados e do Distrito Federal - Conpeg\",\"url\":\"https:\/\/conpeg.org.br\/\",\"sameAs\":[\"https:\/\/www.facebook.com\/conpegbr\",\"https:\/\/instagram.com\/conpegbr\",\"https:\/\/twitter.com\/conpegbr\"],\"logo\":{\"@type\":\"ImageObject\",\"@id\":\"https:\/\/conpeg.org.br\/#logo\",\"inLanguage\":\"pt-BR\",\"url\":\"https:\/\/conpeg.org.br\/wp-content\/uploads\/2023\/05\/Logo-com-Lettering-e1684271444575.png\",\"contentUrl\":\"https:\/\/conpeg.org.br\/wp-content\/uploads\/2023\/05\/Logo-com-Lettering-e1684271444575.png\",\"width\":8334,\"height\":2541,\"caption\":\"Col\u00e9gio Nacional de Procuradores Gerais dos Estados e do Distrito Federal - Conpeg\"},\"image\":{\"@id\":\"https:\/\/conpeg.org.br\/#logo\"}},{\"@type\":\"WebSite\",\"@id\":\"https:\/\/conpeg.org.br\/#website\",\"url\":\"https:\/\/conpeg.org.br\/\",\"name\":\"Conpeg\",\"description\":\"Col\u00e9gio Nacional de Procuradores-Gerais dos Estados e do Distrito Federal\",\"publisher\":{\"@id\":\"https:\/\/conpeg.org.br\/#organization\"},\"potentialAction\":[{\"@type\":\"SearchAction\",\"target\":{\"@type\":\"EntryPoint\",\"urlTemplate\":\"https:\/\/conpeg.org.br\/?s={search_term_string}\"},\"query-input\":\"required name=search_term_string\"}],\"inLanguage\":\"pt-BR\"},{\"@type\":\"ImageObject\",\"@id\":\"https:\/\/conpeg.org.br\/index.php\/2025\/11\/25\/conpeg-reune-procuradores-de-todo-o-pais-para-encontro-sobre-inovacao-governanca-e-impacto-social-na-advocacia-publica\/#primaryimage\",\"inLanguage\":\"pt-BR\",\"url\":\"https:\/\/conpeg.org.br\/wp-content\/uploads\/2025\/11\/WhatsApp-Image-2025-11-25-at-16.31.15.jpeg\",\"contentUrl\":\"https:\/\/conpeg.org.br\/wp-content\/uploads\/2025\/11\/WhatsApp-Image-2025-11-25-at-16.31.15.jpeg\",\"width\":1080,\"height\":873},{\"@type\":\"WebPage\",\"@id\":\"https:\/\/conpeg.org.br\/index.php\/2025\/11\/25\/conpeg-reune-procuradores-de-todo-o-pais-para-encontro-sobre-inovacao-governanca-e-impacto-social-na-advocacia-publica\/#webpage\",\"url\":\"https:\/\/conpeg.org.br\/index.php\/2025\/11\/25\/conpeg-reune-procuradores-de-todo-o-pais-para-encontro-sobre-inovacao-governanca-e-impacto-social-na-advocacia-publica\/\",\"name\":\"Conpeg re\u00fane procuradores de todo o pa\u00eds para encontro sobre inova\u00e7\u00e3o, governan\u00e7a e impacto social na Advocacia P\u00fablica - Conpeg\",\"isPartOf\":{\"@id\":\"https:\/\/conpeg.org.br\/#website\"},\"primaryImageOfPage\":{\"@id\":\"https:\/\/conpeg.org.br\/index.php\/2025\/11\/25\/conpeg-reune-procuradores-de-todo-o-pais-para-encontro-sobre-inovacao-governanca-e-impacto-social-na-advocacia-publica\/#primaryimage\"},\"datePublished\":\"2025-11-25T19:41:10+00:00\",\"dateModified\":\"2025-11-25T19:52:04+00:00\",\"breadcrumb\":{\"@id\":\"https:\/\/conpeg.org.br\/index.php\/2025\/11\/25\/conpeg-reune-procuradores-de-todo-o-pais-para-encontro-sobre-inovacao-governanca-e-impacto-social-na-advocacia-publica\/#breadcrumb\"},\"inLanguage\":\"pt-BR\",\"potentialAction\":[{\"@type\":\"ReadAction\",\"target\":[\"https:\/\/conpeg.org.br\/index.php\/2025\/11\/25\/conpeg-reune-procuradores-de-todo-o-pais-para-encontro-sobre-inovacao-governanca-e-impacto-social-na-advocacia-publica\/\"]}]},{\"@type\":\"BreadcrumbList\",\"@id\":\"https:\/\/conpeg.org.br\/index.php\/2025\/11\/25\/conpeg-reune-procuradores-de-todo-o-pais-para-encontro-sobre-inovacao-governanca-e-impacto-social-na-advocacia-publica\/#breadcrumb\",\"itemListElement\":[{\"@type\":\"ListItem\",\"position\":1,\"name\":\"In\u00edcio\",\"item\":\"https:\/\/conpeg.org.br\/\"},{\"@type\":\"ListItem\",\"position\":2,\"name\":\"Conpeg re\u00fane procuradores de todo o pa\u00eds para encontro sobre inova\u00e7\u00e3o, governan\u00e7a e impacto social na Advocacia P\u00fablica\"}]},{\"@type\":\"Article\",\"@id\":\"https:\/\/conpeg.org.br\/index.php\/2025\/11\/25\/conpeg-reune-procuradores-de-todo-o-pais-para-encontro-sobre-inovacao-governanca-e-impacto-social-na-advocacia-publica\/#article\",\"isPartOf\":{\"@id\":\"https:\/\/conpeg.org.br\/index.php\/2025\/11\/25\/conpeg-reune-procuradores-de-todo-o-pais-para-encontro-sobre-inovacao-governanca-e-impacto-social-na-advocacia-publica\/#webpage\"},\"author\":{\"@id\":\"https:\/\/conpeg.org.br\/#\/schema\/person\/27ad7e9f5394aa0fd18ad7f8c4e00e9c\"},\"headline\":\"Conpeg re\u00fane procuradores de todo o pa\u00eds para encontro sobre inova\u00e7\u00e3o, governan\u00e7a e impacto social na Advocacia P\u00fablica\",\"datePublished\":\"2025-11-25T19:41:10+00:00\",\"dateModified\":\"2025-11-25T19:52:04+00:00\",\"mainEntityOfPage\":{\"@id\":\"https:\/\/conpeg.org.br\/index.php\/2025\/11\/25\/conpeg-reune-procuradores-de-todo-o-pais-para-encontro-sobre-inovacao-governanca-e-impacto-social-na-advocacia-publica\/#webpage\"},\"wordCount\":537,\"commentCount\":0,\"publisher\":{\"@id\":\"https:\/\/conpeg.org.br\/#organization\"},\"image\":{\"@id\":\"https:\/\/conpeg.org.br\/index.php\/2025\/11\/25\/conpeg-reune-procuradores-de-todo-o-pais-para-encontro-sobre-inovacao-governanca-e-impacto-social-na-advocacia-publica\/#primaryimage\"},\"thumbnailUrl\":\"https:\/\/conpeg.org.br\/wp-content\/uploads\/2025\/11\/WhatsApp-Image-2025-11-25-at-16.31.15.jpeg\",\"inLanguage\":\"pt-BR\",\"potentialAction\":[{\"@type\":\"CommentAction\",\"name\":\"Comment\",\"target\":[\"https:\/\/conpeg.org.br\/index.php\/2025\/11\/25\/conpeg-reune-procuradores-de-todo-o-pais-para-encontro-sobre-inovacao-governanca-e-impacto-social-na-advocacia-publica\/#respond\"]}]},{\"@type\":\"Person\",\"@id\":\"https:\/\/conpeg.org.br\/#\/schema\/person\/27ad7e9f5394aa0fd18ad7f8c4e00e9c\",\"name\":\"Anelise Beltr\u00e3o\"}]}<\/script>\n<!-- \/ Yoast SEO plugin. -->","yoast_head_json":{"title":"Conpeg re\u00fane procuradores de todo o pa\u00eds para encontro sobre inova\u00e7\u00e3o, governan\u00e7a e impacto social na Advocacia P\u00fablica - Conpeg","robots":{"index":"index","follow":"follow","max-snippet":"max-snippet:-1","max-image-preview":"max-image-preview:large","max-video-preview":"max-video-preview:-1"},"canonical":"https:\/\/conpeg.org.br\/index.php\/2025\/11\/25\/conpeg-reune-procuradores-de-todo-o-pais-para-encontro-sobre-inovacao-governanca-e-impacto-social-na-advocacia-publica\/","og_locale":"pt_BR","og_type":"article","og_title":"Conpeg re\u00fane procuradores de todo o pa\u00eds para encontro sobre inova\u00e7\u00e3o, governan\u00e7a e impacto social na Advocacia P\u00fablica - Conpeg","og_description":"Entre os dias 26 e 28 de novembro, S\u00e3o Paulo ser\u00e1 palco do 1\u00ba Encontro Nacional das Redes do Conpeg (Col\u00e9gio Nacional das Procuradorias-Gerais dos Estados e Distrito Federal), que reunir\u00e1 procuradores, especialistas, gestores p\u00fablicos e pesquisadores de todo o pa\u00eds. O evento marca um momento estrat\u00e9gico para o fortalecimento da atua\u00e7\u00e3o em rede e [&hellip;]","og_url":"https:\/\/conpeg.org.br\/index.php\/2025\/11\/25\/conpeg-reune-procuradores-de-todo-o-pais-para-encontro-sobre-inovacao-governanca-e-impacto-social-na-advocacia-publica\/","og_site_name":"Conpeg","article_publisher":"https:\/\/www.facebook.com\/conpegbr","article_published_time":"2025-11-25T19:41:10+00:00","article_modified_time":"2025-11-25T19:52:04+00:00","og_image":[{"width":1080,"height":873,"url":"https:\/\/conpeg.org.br\/wp-content\/uploads\/2025\/11\/WhatsApp-Image-2025-11-25-at-16.31.15.jpeg","type":"image\/jpeg"}],"twitter_card":"summary_large_image","twitter_creator":"@conpegbr","twitter_site":"@conpegbr","twitter_misc":{"Escrito por":"Anelise Beltr\u00e3o","Est. tempo de leitura":"3 minutos"},"schema":{"@context":"https:\/\/schema.org","@graph":[{"@type":"Organization","@id":"https:\/\/conpeg.org.br\/#organization","name":"Col\u00e9gio Nacional de Procuradores Gerais dos Estados e do Distrito Federal - Conpeg","url":"https:\/\/conpeg.org.br\/","sameAs":["https:\/\/www.facebook.com\/conpegbr","https:\/\/instagram.com\/conpegbr","https:\/\/twitter.com\/conpegbr"],"logo":{"@type":"ImageObject","@id":"https:\/\/conpeg.org.br\/#logo","inLanguage":"pt-BR","url":"https:\/\/conpeg.org.br\/wp-content\/uploads\/2023\/05\/Logo-com-Lettering-e1684271444575.png","contentUrl":"https:\/\/conpeg.org.br\/wp-content\/uploads\/2023\/05\/Logo-com-Lettering-e1684271444575.png","width":8334,"height":2541,"caption":"Col\u00e9gio Nacional de Procuradores Gerais dos Estados e do Distrito Federal - Conpeg"},"image":{"@id":"https:\/\/conpeg.org.br\/#logo"}},{"@type":"WebSite","@id":"https:\/\/conpeg.org.br\/#website","url":"https:\/\/conpeg.org.br\/","name":"Conpeg","description":"Col\u00e9gio Nacional de Procuradores-Gerais dos Estados e do Distrito Federal","publisher":{"@id":"https:\/\/conpeg.org.br\/#organization"},"potentialAction":[{"@type":"SearchAction","target":{"@type":"EntryPoint","urlTemplate":"https:\/\/conpeg.org.br\/?s={search_term_string}"},"query-input":"required name=search_term_string"}],"inLanguage":"pt-BR"},{"@type":"ImageObject","@id":"https:\/\/conpeg.org.br\/index.php\/2025\/11\/25\/conpeg-reune-procuradores-de-todo-o-pais-para-encontro-sobre-inovacao-governanca-e-impacto-social-na-advocacia-publica\/#primaryimage","inLanguage":"pt-BR","url":"https:\/\/conpeg.org.br\/wp-content\/uploads\/2025\/11\/WhatsApp-Image-2025-11-25-at-16.31.15.jpeg","contentUrl":"https:\/\/conpeg.org.br\/wp-content\/uploads\/2025\/11\/WhatsApp-Image-2025-11-25-at-16.31.15.jpeg","width":1080,"height":873},{"@type":"WebPage","@id":"https:\/\/conpeg.org.br\/index.php\/2025\/11\/25\/conpeg-reune-procuradores-de-todo-o-pais-para-encontro-sobre-inovacao-governanca-e-impacto-social-na-advocacia-publica\/#webpage","url":"https:\/\/conpeg.org.br\/index.php\/2025\/11\/25\/conpeg-reune-procuradores-de-todo-o-pais-para-encontro-sobre-inovacao-governanca-e-impacto-social-na-advocacia-publica\/","name":"Conpeg re\u00fane procuradores de todo o pa\u00eds para encontro sobre inova\u00e7\u00e3o, governan\u00e7a e impacto social na Advocacia P\u00fablica - Conpeg","isPartOf":{"@id":"https:\/\/conpeg.org.br\/#website"},"primaryImageOfPage":{"@id":"https:\/\/conpeg.org.br\/index.php\/2025\/11\/25\/conpeg-reune-procuradores-de-todo-o-pais-para-encontro-sobre-inovacao-governanca-e-impacto-social-na-advocacia-publica\/#primaryimage"},"datePublished":"2025-11-25T19:41:10+00:00","dateModified":"2025-11-25T19:52:04+00:00","breadcrumb":{"@id":"https:\/\/conpeg.org.br\/index.php\/2025\/11\/25\/conpeg-reune-procuradores-de-todo-o-pais-para-encontro-sobre-inovacao-governanca-e-impacto-social-na-advocacia-publica\/#breadcrumb"},"inLanguage":"pt-BR","potentialAction":[{"@type":"ReadAction","target":["https:\/\/conpeg.org.br\/index.php\/2025\/11\/25\/conpeg-reune-procuradores-de-todo-o-pais-para-encontro-sobre-inovacao-governanca-e-impacto-social-na-advocacia-publica\/"]}]},{"@type":"BreadcrumbList","@id":"https:\/\/conpeg.org.br\/index.php\/2025\/11\/25\/conpeg-reune-procuradores-de-todo-o-pais-para-encontro-sobre-inovacao-governanca-e-impacto-social-na-advocacia-publica\/#breadcrumb","itemListElement":[{"@type":"ListItem","position":1,"name":"In\u00edcio","item":"https:\/\/conpeg.org.br\/"},{"@type":"ListItem","position":2,"name":"Conpeg re\u00fane procuradores de todo o pa\u00eds para encontro sobre inova\u00e7\u00e3o, governan\u00e7a e impacto social na Advocacia P\u00fablica"}]},{"@type":"Article","@id":"https:\/\/conpeg.org.br\/index.php\/2025\/11\/25\/conpeg-reune-procuradores-de-todo-o-pais-para-encontro-sobre-inovacao-governanca-e-impacto-social-na-advocacia-publica\/#article","isPartOf":{"@id":"https:\/\/conpeg.org.br\/index.php\/2025\/11\/25\/conpeg-reune-procuradores-de-todo-o-pais-para-encontro-sobre-inovacao-governanca-e-impacto-social-na-advocacia-publica\/#webpage"},"author":{"@id":"https:\/\/conpeg.org.br\/#\/schema\/person\/27ad7e9f5394aa0fd18ad7f8c4e00e9c"},"headline":"Conpeg re\u00fane procuradores de todo o pa\u00eds para encontro sobre inova\u00e7\u00e3o, governan\u00e7a e impacto social na Advocacia P\u00fablica","datePublished":"2025-11-25T19:41:10+00:00","dateModified":"2025-11-25T19:52:04+00:00","mainEntityOfPage":{"@id":"https:\/\/conpeg.org.br\/index.php\/2025\/11\/25\/conpeg-reune-procuradores-de-todo-o-pais-para-encontro-sobre-inovacao-governanca-e-impacto-social-na-advocacia-publica\/#webpage"},"wordCount":537,"commentCount":0,"publisher":{"@id":"https:\/\/conpeg.org.br\/#organization"},"image":{"@id":"https:\/\/conpeg.org.br\/index.php\/2025\/11\/25\/conpeg-reune-procuradores-de-todo-o-pais-para-encontro-sobre-inovacao-governanca-e-impacto-social-na-advocacia-publica\/#primaryimage"},"thumbnailUrl":"https:\/\/conpeg.org.br\/wp-content\/uploads\/2025\/11\/WhatsApp-Image-2025-11-25-at-16.31.15.jpeg","inLanguage":"pt-BR","potentialAction":[{"@type":"CommentAction","name":"Comment","target":["https:\/\/conpeg.org.br\/index.php\/2025\/11\/25\/conpeg-reune-procuradores-de-todo-o-pais-para-encontro-sobre-inovacao-governanca-e-impacto-social-na-advocacia-publica\/#respond"]}]},{"@type":"Person","@id":"https:\/\/conpeg.org.br\/#\/schema\/person\/27ad7e9f5394aa0fd18ad7f8c4e00e9c","name":"Anelise Beltr\u00e3o"}]}},"_links":{"self":[{"href":"https:\/\/conpeg.org.br\/index.php\/wp-json\/wp\/v2\/posts\/1703"}],"collection":[{"href":"https:\/\/conpeg.org.br\/index.php\/wp-json\/wp\/v2\/posts"}],"about":[{"href":"https:\/\/conpeg.org.br\/index.php\/wp-json\/wp\/v2\/types\/post"}],"author":[{"embeddable":true,"href":"https:\/\/conpeg.org.br\/index.php\/wp-json\/wp\/v2\/users\/8"}],"replies":[{"embeddable":true,"href":"https:\/\/conpeg.org.br\/index.php\/wp-json\/wp\/v2\/comments?post=1703"}],"version-history":[{"count":1,"href":"https:\/\/conpeg.org.br\/index.php\/wp-json\/wp\/v2\/posts\/1703\/revisions"}],"predecessor-version":[{"id":1705,"href":"https:\/\/conpeg.org.br\/index.php\/wp-json\/wp\/v2\/posts\/1703\/revisions\/1705"}],"wp:featuredmedia":[{"embeddable":true,"href":"https:\/\/conpeg.org.br\/index.php\/wp-json\/wp\/v2\/media\/1704"}],"wp:attachment":[{"href":"https:\/\/conpeg.org.br\/index.php\/wp-json\/wp\/v2\/media?parent=1703"}],"wp:term":[{"taxonomy":"category","embeddable":true,"href":"https:\/\/conpeg.org.br\/index.php\/wp-json\/wp\/v2\/categories?post=1703"},{"taxonomy":"post_tag","embeddable":true,"href":"https:\/\/conpeg.org.br\/index.php\/wp-json\/wp\/v2\/tags?post=1703"}],"curies":[{"name":"wp","href":"https:\/\/api.w.org\/{rel}","templated":true}]}}