{"id":677,"date":"2020-03-05T11:07:51","date_gmt":"2020-03-05T14:07:51","guid":{"rendered":"https:\/\/conpeg.org.br\/?p=677"},"modified":"2020-03-05T11:37:25","modified_gmt":"2020-03-05T14:37:25","slug":"stf-da-prazo-de-48-horas-para-governo-federal-explicar-a-nao-devolucao-de-verbas-a-estados","status":"publish","type":"post","link":"https:\/\/conpeg.org.br\/index.php\/2020\/03\/05\/stf-da-prazo-de-48-horas-para-governo-federal-explicar-a-nao-devolucao-de-verbas-a-estados\/","title":{"rendered":"STF d\u00e1 prazo de 48 horas para Governo Federal explicar a n\u00e3o-devolu\u00e7\u00e3o de verbas a Estados"},"content":{"rendered":"\n<p> O Supremo Tribunal Federal (STF) deu prazo de 48 horas para que o Governo Federal se manifeste sobre o n\u00e3o-cumprimento do repasse de verbas do Fundo Nacional de Seguran\u00e7a P\u00fablica aos Estados. A decis\u00e3o foi da ministra Rosa Weber.<\/p>\n\n\n\n<p>Esta foi a terceira decis\u00e3o favor\u00e1vel aos Estados, que entraram com uma a\u00e7\u00e3o em dezembro do ano passado, atrav\u00e9s do Col\u00e9gio Nacional de Procuradores Gerais dos Estados e do Distrito Federal (<strong>CONPEG<\/strong>). Inicialmente, o ministro Dias Toffoli havia dado ordem para que os recursos, da ordem de R$ 1,14 bilh\u00e3o, fossem liberados. No \u00faltimo m\u00eas, a pr\u00f3pria ministra Rosa Weber refor\u00e7ou a decis\u00e3o do presidente do STF. A diferen\u00e7a do novo despacho \u00e9 que, agora, ela pede explica\u00e7\u00f5es para que as ordens dadas ainda n\u00e3o tenham sido cumpridas.<\/p>\n\n\n\n<p>A decis\u00e3o de Rosa Weber foi motivada pelos pr\u00f3prios Estados, que entraram com a\u00e7\u00e3o para o desbloqueio das verbas provenientes das loterias. Segundo o <strong>CONPEG<\/strong>, n\u00e3o houve justificativa plaus\u00edvel para que o Governo Federal contingenciasse as verbas.<\/p>\n\n\n\n<p><strong>RELEMBRE O CASO<\/strong><\/p>\n\n\n\n<p>Em dezembro de 2019, o Maranh\u00e3o, O Distrito Federal e mais 22 estados foram ao STF, atrav\u00e9s do CONPEG, pedindo que a Uni\u00e3o seja obrigada a fazer o descontingenciamento de verbas do Fundo da Seguran\u00e7a P\u00fablica (FNSP). O Col\u00e9gio ajuizou a\u00e7\u00e3o c\u00edvel origin\u00e1ria, alegando que a lei que criou o Fundo pro\u00edbe o contingenciamento (art. 5\u00ba, item XI, par\u00e1grafo 2\u00ba), sob o risco dos recursos do FNSP serem empregados em outra \u00e1rea.<\/p>\n\n\n\n<p>O bloqueio foi feito atrav\u00e9s da Lei Or\u00e7ament\u00e1ria de 2020 apresentada pelo Governo Federal, que determina o contingenciamento de 65% do fundo.<\/p>\n\n\n\n<p>A a\u00e7\u00e3o do <strong>CONPEG<\/strong> foi assinada pelo presidente da entidade, o Procurador-Geral do Estado do Maranh\u00e3o Rodrigo Maia, e pelos procuradores-gerais do Distrito Federal, Acre, Amap\u00e1, Amazonas, Bahia, Cear\u00e1, Esp\u00edritos Santo, Goi\u00e1s, Mato Grosso, Mato Grosso do Sul, Minas Gerais, Par\u00e1, Paran\u00e1, Pernambuco, Piau\u00ed, Rio de Janeiro, Rio Grande do Norte, Rio Grande do Sul, Rond\u00f4nia, Roraima, Santa Catarina, S\u00e3o Paulo e Tocantins.<\/p>\n","protected":false},"excerpt":{"rendered":"<p>O Supremo Tribunal Federal (STF) deu prazo de 48 horas para que o Governo Federal se manifeste sobre o n\u00e3o-cumprimento do repasse de verbas do Fundo Nacional de Seguran\u00e7a P\u00fablica aos Estados. A decis\u00e3o foi da ministra Rosa Weber. Esta foi a terceira decis\u00e3o favor\u00e1vel aos Estados, que entraram com uma a\u00e7\u00e3o em dezembro do [&hellip;]<\/p>\n","protected":false},"author":3,"featured_media":678,"comment_status":"open","ping_status":"open","sticky":false,"template":"","format":"standard","meta":[],"categories":[1],"tags":[50,60,49],"yoast_head":"<!-- This site is optimized with the Yoast SEO plugin v18.4.1 - https:\/\/yoast.com\/wordpress\/plugins\/seo\/ -->\n<title>STF d\u00e1 prazo de 48 horas para Governo Federal explicar a n\u00e3o-devolu\u00e7\u00e3o de verbas a Estados - Conpeg<\/title>\n<meta name=\"robots\" content=\"index, follow, max-snippet:-1, max-image-preview:large, max-video-preview:-1\" \/>\n<link rel=\"canonical\" href=\"https:\/\/conpeg.org.br\/index.php\/2020\/03\/05\/stf-da-prazo-de-48-horas-para-governo-federal-explicar-a-nao-devolucao-de-verbas-a-estados\/\" \/>\n<meta property=\"og:locale\" content=\"pt_BR\" \/>\n<meta property=\"og:type\" content=\"article\" \/>\n<meta property=\"og:title\" content=\"STF d\u00e1 prazo de 48 horas para Governo Federal explicar a n\u00e3o-devolu\u00e7\u00e3o de verbas a Estados - Conpeg\" \/>\n<meta property=\"og:description\" content=\"O Supremo Tribunal Federal (STF) deu prazo de 48 horas para que o Governo Federal se manifeste sobre o n\u00e3o-cumprimento do repasse de verbas do Fundo Nacional de Seguran\u00e7a P\u00fablica aos Estados. A decis\u00e3o foi da ministra Rosa Weber. Esta foi a terceira decis\u00e3o favor\u00e1vel aos Estados, que entraram com uma a\u00e7\u00e3o em dezembro do [&hellip;]\" \/>\n<meta property=\"og:url\" content=\"https:\/\/conpeg.org.br\/index.php\/2020\/03\/05\/stf-da-prazo-de-48-horas-para-governo-federal-explicar-a-nao-devolucao-de-verbas-a-estados\/\" \/>\n<meta property=\"og:site_name\" content=\"Conpeg\" \/>\n<meta property=\"article:publisher\" content=\"https:\/\/www.facebook.com\/conpegbr\" \/>\n<meta property=\"article:published_time\" content=\"2020-03-05T14:07:51+00:00\" \/>\n<meta property=\"article:modified_time\" content=\"2020-03-05T14:37:25+00:00\" \/>\n<meta property=\"og:image\" content=\"https:\/\/conpeg.org.br\/wp-content\/uploads\/2020\/03\/ministra-stf-Rosa-Weber-.jpg\" \/>\n\t<meta property=\"og:image:width\" content=\"1700\" \/>\n\t<meta property=\"og:image:height\" content=\"1134\" \/>\n\t<meta property=\"og:image:type\" content=\"image\/jpeg\" \/>\n<meta name=\"twitter:card\" content=\"summary_large_image\" \/>\n<meta name=\"twitter:creator\" content=\"@conpegbr\" \/>\n<meta name=\"twitter:site\" content=\"@conpegbr\" \/>\n<meta name=\"twitter:label1\" content=\"Escrito por\" \/>\n\t<meta name=\"twitter:data1\" content=\"Liliane\" \/>\n\t<meta name=\"twitter:label2\" content=\"Est. tempo de leitura\" \/>\n\t<meta name=\"twitter:data2\" content=\"2 minutos\" \/>\n<script type=\"application\/ld+json\" class=\"yoast-schema-graph\">{\"@context\":\"https:\/\/schema.org\",\"@graph\":[{\"@type\":\"Organization\",\"@id\":\"https:\/\/conpeg.org.br\/#organization\",\"name\":\"Col\u00e9gio Nacional de Procuradores Gerais dos Estados e do Distrito Federal - Conpeg\",\"url\":\"https:\/\/conpeg.org.br\/\",\"sameAs\":[\"https:\/\/www.facebook.com\/conpegbr\",\"https:\/\/instagram.com\/conpegbr\",\"https:\/\/twitter.com\/conpegbr\"],\"logo\":{\"@type\":\"ImageObject\",\"@id\":\"https:\/\/conpeg.org.br\/#logo\",\"inLanguage\":\"pt-BR\",\"url\":\"https:\/\/conpeg.org.br\/wp-content\/uploads\/2023\/05\/Logo-com-Lettering-e1684271444575.png\",\"contentUrl\":\"https:\/\/conpeg.org.br\/wp-content\/uploads\/2023\/05\/Logo-com-Lettering-e1684271444575.png\",\"width\":8334,\"height\":2541,\"caption\":\"Col\u00e9gio Nacional de Procuradores Gerais dos Estados e do Distrito Federal - Conpeg\"},\"image\":{\"@id\":\"https:\/\/conpeg.org.br\/#logo\"}},{\"@type\":\"WebSite\",\"@id\":\"https:\/\/conpeg.org.br\/#website\",\"url\":\"https:\/\/conpeg.org.br\/\",\"name\":\"Conpeg\",\"description\":\"Col\u00e9gio Nacional de Procuradores-Gerais dos Estados e do Distrito Federal\",\"publisher\":{\"@id\":\"https:\/\/conpeg.org.br\/#organization\"},\"potentialAction\":[{\"@type\":\"SearchAction\",\"target\":{\"@type\":\"EntryPoint\",\"urlTemplate\":\"https:\/\/conpeg.org.br\/?s={search_term_string}\"},\"query-input\":\"required name=search_term_string\"}],\"inLanguage\":\"pt-BR\"},{\"@type\":\"ImageObject\",\"@id\":\"https:\/\/conpeg.org.br\/index.php\/2020\/03\/05\/stf-da-prazo-de-48-horas-para-governo-federal-explicar-a-nao-devolucao-de-verbas-a-estados\/#primaryimage\",\"inLanguage\":\"pt-BR\",\"url\":\"https:\/\/conpeg.org.br\/wp-content\/uploads\/2020\/03\/ministra-stf-Rosa-Weber-.jpg\",\"contentUrl\":\"https:\/\/conpeg.org.br\/wp-content\/uploads\/2020\/03\/ministra-stf-Rosa-Weber-.jpg\",\"width\":1700,\"height\":1134},{\"@type\":\"WebPage\",\"@id\":\"https:\/\/conpeg.org.br\/index.php\/2020\/03\/05\/stf-da-prazo-de-48-horas-para-governo-federal-explicar-a-nao-devolucao-de-verbas-a-estados\/#webpage\",\"url\":\"https:\/\/conpeg.org.br\/index.php\/2020\/03\/05\/stf-da-prazo-de-48-horas-para-governo-federal-explicar-a-nao-devolucao-de-verbas-a-estados\/\",\"name\":\"STF d\u00e1 prazo de 48 horas para Governo Federal explicar a n\u00e3o-devolu\u00e7\u00e3o de verbas a Estados - Conpeg\",\"isPartOf\":{\"@id\":\"https:\/\/conpeg.org.br\/#website\"},\"primaryImageOfPage\":{\"@id\":\"https:\/\/conpeg.org.br\/index.php\/2020\/03\/05\/stf-da-prazo-de-48-horas-para-governo-federal-explicar-a-nao-devolucao-de-verbas-a-estados\/#primaryimage\"},\"datePublished\":\"2020-03-05T14:07:51+00:00\",\"dateModified\":\"2020-03-05T14:37:25+00:00\",\"breadcrumb\":{\"@id\":\"https:\/\/conpeg.org.br\/index.php\/2020\/03\/05\/stf-da-prazo-de-48-horas-para-governo-federal-explicar-a-nao-devolucao-de-verbas-a-estados\/#breadcrumb\"},\"inLanguage\":\"pt-BR\",\"potentialAction\":[{\"@type\":\"ReadAction\",\"target\":[\"https:\/\/conpeg.org.br\/index.php\/2020\/03\/05\/stf-da-prazo-de-48-horas-para-governo-federal-explicar-a-nao-devolucao-de-verbas-a-estados\/\"]}]},{\"@type\":\"BreadcrumbList\",\"@id\":\"https:\/\/conpeg.org.br\/index.php\/2020\/03\/05\/stf-da-prazo-de-48-horas-para-governo-federal-explicar-a-nao-devolucao-de-verbas-a-estados\/#breadcrumb\",\"itemListElement\":[{\"@type\":\"ListItem\",\"position\":1,\"name\":\"In\u00edcio\",\"item\":\"https:\/\/conpeg.org.br\/\"},{\"@type\":\"ListItem\",\"position\":2,\"name\":\"STF d\u00e1 prazo de 48 horas para Governo Federal explicar a n\u00e3o-devolu\u00e7\u00e3o de verbas a Estados\"}]},{\"@type\":\"Article\",\"@id\":\"https:\/\/conpeg.org.br\/index.php\/2020\/03\/05\/stf-da-prazo-de-48-horas-para-governo-federal-explicar-a-nao-devolucao-de-verbas-a-estados\/#article\",\"isPartOf\":{\"@id\":\"https:\/\/conpeg.org.br\/index.php\/2020\/03\/05\/stf-da-prazo-de-48-horas-para-governo-federal-explicar-a-nao-devolucao-de-verbas-a-estados\/#webpage\"},\"author\":{\"@id\":\"https:\/\/conpeg.org.br\/#\/schema\/person\/dd7b262479d40bbdc73c51fe4c9c60ea\"},\"headline\":\"STF d\u00e1 prazo de 48 horas para Governo Federal explicar a n\u00e3o-devolu\u00e7\u00e3o de verbas a Estados\",\"datePublished\":\"2020-03-05T14:07:51+00:00\",\"dateModified\":\"2020-03-05T14:37:25+00:00\",\"mainEntityOfPage\":{\"@id\":\"https:\/\/conpeg.org.br\/index.php\/2020\/03\/05\/stf-da-prazo-de-48-horas-para-governo-federal-explicar-a-nao-devolucao-de-verbas-a-estados\/#webpage\"},\"wordCount\":374,\"commentCount\":0,\"publisher\":{\"@id\":\"https:\/\/conpeg.org.br\/#organization\"},\"image\":{\"@id\":\"https:\/\/conpeg.org.br\/index.php\/2020\/03\/05\/stf-da-prazo-de-48-horas-para-governo-federal-explicar-a-nao-devolucao-de-verbas-a-estados\/#primaryimage\"},\"thumbnailUrl\":\"https:\/\/conpeg.org.br\/wp-content\/uploads\/2020\/03\/ministra-stf-Rosa-Weber-.jpg\",\"keywords\":[\"Descontingenciamento\",\"Rosa Weber\",\"STF\"],\"inLanguage\":\"pt-BR\",\"potentialAction\":[{\"@type\":\"CommentAction\",\"name\":\"Comment\",\"target\":[\"https:\/\/conpeg.org.br\/index.php\/2020\/03\/05\/stf-da-prazo-de-48-horas-para-governo-federal-explicar-a-nao-devolucao-de-verbas-a-estados\/#respond\"]}]},{\"@type\":\"Person\",\"@id\":\"https:\/\/conpeg.org.br\/#\/schema\/person\/dd7b262479d40bbdc73c51fe4c9c60ea\",\"name\":\"Liliane\"}]}<\/script>\n<!-- \/ Yoast SEO plugin. -->","yoast_head_json":{"title":"STF d\u00e1 prazo de 48 horas para Governo Federal explicar a n\u00e3o-devolu\u00e7\u00e3o de verbas a Estados - Conpeg","robots":{"index":"index","follow":"follow","max-snippet":"max-snippet:-1","max-image-preview":"max-image-preview:large","max-video-preview":"max-video-preview:-1"},"canonical":"https:\/\/conpeg.org.br\/index.php\/2020\/03\/05\/stf-da-prazo-de-48-horas-para-governo-federal-explicar-a-nao-devolucao-de-verbas-a-estados\/","og_locale":"pt_BR","og_type":"article","og_title":"STF d\u00e1 prazo de 48 horas para Governo Federal explicar a n\u00e3o-devolu\u00e7\u00e3o de verbas a Estados - Conpeg","og_description":"O Supremo Tribunal Federal (STF) deu prazo de 48 horas para que o Governo Federal se manifeste sobre o n\u00e3o-cumprimento do repasse de verbas do Fundo Nacional de Seguran\u00e7a P\u00fablica aos Estados. A decis\u00e3o foi da ministra Rosa Weber. Esta foi a terceira decis\u00e3o favor\u00e1vel aos Estados, que entraram com uma a\u00e7\u00e3o em dezembro do [&hellip;]","og_url":"https:\/\/conpeg.org.br\/index.php\/2020\/03\/05\/stf-da-prazo-de-48-horas-para-governo-federal-explicar-a-nao-devolucao-de-verbas-a-estados\/","og_site_name":"Conpeg","article_publisher":"https:\/\/www.facebook.com\/conpegbr","article_published_time":"2020-03-05T14:07:51+00:00","article_modified_time":"2020-03-05T14:37:25+00:00","og_image":[{"width":1700,"height":1134,"url":"https:\/\/conpeg.org.br\/wp-content\/uploads\/2020\/03\/ministra-stf-Rosa-Weber-.jpg","type":"image\/jpeg"}],"twitter_card":"summary_large_image","twitter_creator":"@conpegbr","twitter_site":"@conpegbr","twitter_misc":{"Escrito por":"Liliane","Est. tempo de leitura":"2 minutos"},"schema":{"@context":"https:\/\/schema.org","@graph":[{"@type":"Organization","@id":"https:\/\/conpeg.org.br\/#organization","name":"Col\u00e9gio Nacional de Procuradores Gerais dos Estados e do Distrito Federal - Conpeg","url":"https:\/\/conpeg.org.br\/","sameAs":["https:\/\/www.facebook.com\/conpegbr","https:\/\/instagram.com\/conpegbr","https:\/\/twitter.com\/conpegbr"],"logo":{"@type":"ImageObject","@id":"https:\/\/conpeg.org.br\/#logo","inLanguage":"pt-BR","url":"https:\/\/conpeg.org.br\/wp-content\/uploads\/2023\/05\/Logo-com-Lettering-e1684271444575.png","contentUrl":"https:\/\/conpeg.org.br\/wp-content\/uploads\/2023\/05\/Logo-com-Lettering-e1684271444575.png","width":8334,"height":2541,"caption":"Col\u00e9gio Nacional de Procuradores Gerais dos Estados e do Distrito Federal - Conpeg"},"image":{"@id":"https:\/\/conpeg.org.br\/#logo"}},{"@type":"WebSite","@id":"https:\/\/conpeg.org.br\/#website","url":"https:\/\/conpeg.org.br\/","name":"Conpeg","description":"Col\u00e9gio Nacional de Procuradores-Gerais dos Estados e do Distrito Federal","publisher":{"@id":"https:\/\/conpeg.org.br\/#organization"},"potentialAction":[{"@type":"SearchAction","target":{"@type":"EntryPoint","urlTemplate":"https:\/\/conpeg.org.br\/?s={search_term_string}"},"query-input":"required name=search_term_string"}],"inLanguage":"pt-BR"},{"@type":"ImageObject","@id":"https:\/\/conpeg.org.br\/index.php\/2020\/03\/05\/stf-da-prazo-de-48-horas-para-governo-federal-explicar-a-nao-devolucao-de-verbas-a-estados\/#primaryimage","inLanguage":"pt-BR","url":"https:\/\/conpeg.org.br\/wp-content\/uploads\/2020\/03\/ministra-stf-Rosa-Weber-.jpg","contentUrl":"https:\/\/conpeg.org.br\/wp-content\/uploads\/2020\/03\/ministra-stf-Rosa-Weber-.jpg","width":1700,"height":1134},{"@type":"WebPage","@id":"https:\/\/conpeg.org.br\/index.php\/2020\/03\/05\/stf-da-prazo-de-48-horas-para-governo-federal-explicar-a-nao-devolucao-de-verbas-a-estados\/#webpage","url":"https:\/\/conpeg.org.br\/index.php\/2020\/03\/05\/stf-da-prazo-de-48-horas-para-governo-federal-explicar-a-nao-devolucao-de-verbas-a-estados\/","name":"STF d\u00e1 prazo de 48 horas para Governo Federal explicar a n\u00e3o-devolu\u00e7\u00e3o de verbas a Estados - Conpeg","isPartOf":{"@id":"https:\/\/conpeg.org.br\/#website"},"primaryImageOfPage":{"@id":"https:\/\/conpeg.org.br\/index.php\/2020\/03\/05\/stf-da-prazo-de-48-horas-para-governo-federal-explicar-a-nao-devolucao-de-verbas-a-estados\/#primaryimage"},"datePublished":"2020-03-05T14:07:51+00:00","dateModified":"2020-03-05T14:37:25+00:00","breadcrumb":{"@id":"https:\/\/conpeg.org.br\/index.php\/2020\/03\/05\/stf-da-prazo-de-48-horas-para-governo-federal-explicar-a-nao-devolucao-de-verbas-a-estados\/#breadcrumb"},"inLanguage":"pt-BR","potentialAction":[{"@type":"ReadAction","target":["https:\/\/conpeg.org.br\/index.php\/2020\/03\/05\/stf-da-prazo-de-48-horas-para-governo-federal-explicar-a-nao-devolucao-de-verbas-a-estados\/"]}]},{"@type":"BreadcrumbList","@id":"https:\/\/conpeg.org.br\/index.php\/2020\/03\/05\/stf-da-prazo-de-48-horas-para-governo-federal-explicar-a-nao-devolucao-de-verbas-a-estados\/#breadcrumb","itemListElement":[{"@type":"ListItem","position":1,"name":"In\u00edcio","item":"https:\/\/conpeg.org.br\/"},{"@type":"ListItem","position":2,"name":"STF d\u00e1 prazo de 48 horas para Governo Federal explicar a n\u00e3o-devolu\u00e7\u00e3o de verbas a Estados"}]},{"@type":"Article","@id":"https:\/\/conpeg.org.br\/index.php\/2020\/03\/05\/stf-da-prazo-de-48-horas-para-governo-federal-explicar-a-nao-devolucao-de-verbas-a-estados\/#article","isPartOf":{"@id":"https:\/\/conpeg.org.br\/index.php\/2020\/03\/05\/stf-da-prazo-de-48-horas-para-governo-federal-explicar-a-nao-devolucao-de-verbas-a-estados\/#webpage"},"author":{"@id":"https:\/\/conpeg.org.br\/#\/schema\/person\/dd7b262479d40bbdc73c51fe4c9c60ea"},"headline":"STF d\u00e1 prazo de 48 horas para Governo Federal explicar a n\u00e3o-devolu\u00e7\u00e3o de verbas a Estados","datePublished":"2020-03-05T14:07:51+00:00","dateModified":"2020-03-05T14:37:25+00:00","mainEntityOfPage":{"@id":"https:\/\/conpeg.org.br\/index.php\/2020\/03\/05\/stf-da-prazo-de-48-horas-para-governo-federal-explicar-a-nao-devolucao-de-verbas-a-estados\/#webpage"},"wordCount":374,"commentCount":0,"publisher":{"@id":"https:\/\/conpeg.org.br\/#organization"},"image":{"@id":"https:\/\/conpeg.org.br\/index.php\/2020\/03\/05\/stf-da-prazo-de-48-horas-para-governo-federal-explicar-a-nao-devolucao-de-verbas-a-estados\/#primaryimage"},"thumbnailUrl":"https:\/\/conpeg.org.br\/wp-content\/uploads\/2020\/03\/ministra-stf-Rosa-Weber-.jpg","keywords":["Descontingenciamento","Rosa Weber","STF"],"inLanguage":"pt-BR","potentialAction":[{"@type":"CommentAction","name":"Comment","target":["https:\/\/conpeg.org.br\/index.php\/2020\/03\/05\/stf-da-prazo-de-48-horas-para-governo-federal-explicar-a-nao-devolucao-de-verbas-a-estados\/#respond"]}]},{"@type":"Person","@id":"https:\/\/conpeg.org.br\/#\/schema\/person\/dd7b262479d40bbdc73c51fe4c9c60ea","name":"Liliane"}]}},"_links":{"self":[{"href":"https:\/\/conpeg.org.br\/index.php\/wp-json\/wp\/v2\/posts\/677"}],"collection":[{"href":"https:\/\/conpeg.org.br\/index.php\/wp-json\/wp\/v2\/posts"}],"about":[{"href":"https:\/\/conpeg.org.br\/index.php\/wp-json\/wp\/v2\/types\/post"}],"author":[{"embeddable":true,"href":"https:\/\/conpeg.org.br\/index.php\/wp-json\/wp\/v2\/users\/3"}],"replies":[{"embeddable":true,"href":"https:\/\/conpeg.org.br\/index.php\/wp-json\/wp\/v2\/comments?post=677"}],"version-history":[{"count":1,"href":"https:\/\/conpeg.org.br\/index.php\/wp-json\/wp\/v2\/posts\/677\/revisions"}],"predecessor-version":[{"id":679,"href":"https:\/\/conpeg.org.br\/index.php\/wp-json\/wp\/v2\/posts\/677\/revisions\/679"}],"wp:featuredmedia":[{"embeddable":true,"href":"https:\/\/conpeg.org.br\/index.php\/wp-json\/wp\/v2\/media\/678"}],"wp:attachment":[{"href":"https:\/\/conpeg.org.br\/index.php\/wp-json\/wp\/v2\/media?parent=677"}],"wp:term":[{"taxonomy":"category","embeddable":true,"href":"https:\/\/conpeg.org.br\/index.php\/wp-json\/wp\/v2\/categories?post=677"},{"taxonomy":"post_tag","embeddable":true,"href":"https:\/\/conpeg.org.br\/index.php\/wp-json\/wp\/v2\/tags?post=677"}],"curies":[{"name":"wp","href":"https:\/\/api.w.org\/{rel}","templated":true}]}}